{"id":397,"date":"2026-01-20T10:07:38","date_gmt":"2026-01-20T13:07:38","guid":{"rendered":"https:\/\/tarahumaras.praxis.pro.br\/?p=397"},"modified":"2026-01-20T10:31:20","modified_gmt":"2026-01-20T13:31:20","slug":"grupo-tarahumaras-no-12o-enfetela-encontro-festival-latino-americano-de-teatro","status":"publish","type":"post","link":"https:\/\/tarahumaras.praxis.pro.br\/index.php\/2026\/01\/20\/grupo-tarahumaras-no-12o-enfetela-encontro-festival-latino-americano-de-teatro\/","title":{"rendered":"Grupo Tarahumaras no 12\u00ba ENFETELA &#8211; Encontro Festival Latino-americano de Teatro"},"content":{"rendered":"<p><strong>Sinopse<\/strong>:<\/p>\n<p>O poema dram\u00e1tico \u201cAbdala\u201d foi escrito pelo pol\u00edtico nacionalista, intelectual, jornalista, ensa\u00edsta, tradutor, professor, editor e poeta cubano, Jos\u00e9 Mart\u00ed.<\/p>\n<p>O drama refere-se a um jovem negro africano que lutou e morreu pela independ\u00eancia da N\u00fabia, invadida por colonialistas.<\/p>\n<p>Jos\u00e9 Mart\u00ed tamb\u00e9m dedicou sua vida \u00e0 causa de seu povo e participou dos combates pela liberdade.<\/p>\n<p>Na obra, o povo da N\u00fabia se levanta contra o opressor e lamenta a morte de Abdala, o nobre guerreiro que liderou a luta pela liberdade. H\u00e1 157 anos, em 23 de janeiro de 1869, esse poema \u00e9pico-dram\u00e1tico \u201cAbdala\u201d foi publicado no jornal revolucion\u00e1rio \u201cLa Patria Libre\u201d, fundado pelo adolescente e destacado estudante Jos\u00e9 Mart\u00ed.<\/p>\n<div id=\"attachment_398\" style=\"width: 740px\" class=\"wp-caption alignnone\"><img data-recalc-dims=\"1\" loading=\"lazy\" decoding=\"async\" aria-describedby=\"caption-attachment-398\" class=\"wp-image-398 size-full\" src=\"https:\/\/i0.wp.com\/tarahumaras.praxis.pro.br\/wp-content\/uploads\/2026\/01\/abdala.png?resize=730%2C838&#038;ssl=1\" alt=\"\" width=\"730\" height=\"838\" srcset=\"https:\/\/i0.wp.com\/tarahumaras.praxis.pro.br\/wp-content\/uploads\/2026\/01\/abdala.png?w=730&amp;ssl=1 730w, https:\/\/i0.wp.com\/tarahumaras.praxis.pro.br\/wp-content\/uploads\/2026\/01\/abdala.png?resize=261%2C300&amp;ssl=1 261w\" sizes=\"auto, (max-width: 730px) 100vw, 730px\" \/><p id=\"caption-attachment-398\" class=\"wp-caption-text\">Card de divulga\u00e7\u00e3o do Tarahumaras no 12\u00ba ENFETELA<\/p><\/div>\n","protected":false},"excerpt":{"rendered":"<p>Sinopse: O poema dram\u00e1tico \u201cAbdala\u201d foi escrito pelo pol\u00edtico nacionalista, intelectual, jornalista, ensa\u00edsta, tradutor, professor, editor e poeta cubano, Jos\u00e9 Mart\u00ed. O drama refere-se a um jovem negro africano que lutou e morreu pela independ\u00eancia da N\u00fabia, invadida por colonialistas. Jos\u00e9 Mart\u00ed tamb\u00e9m dedicou sua vida \u00e0 causa de seu povo e participou dos combates <a class=\"more-link\" href=\"https:\/\/tarahumaras.praxis.pro.br\/index.php\/2026\/01\/20\/grupo-tarahumaras-no-12o-enfetela-encontro-festival-latino-americano-de-teatro\/\">Leia mais&#8230; &raquo;<\/a><\/p>\n","protected":false},"author":1,"featured_media":398,"comment_status":"open","ping_status":"open","sticky":false,"template":"","format":"standard","meta":{"_jetpack_memberships_contains_paid_content":false,"footnotes":""},"categories":[1],"tags":[],"class_list":["post-397","post","type-post","status-publish","format-standard","has-post-thumbnail","hentry","category-sem-categoria"],"jetpack_featured_media_url":"https:\/\/i0.wp.com\/tarahumaras.praxis.pro.br\/wp-content\/uploads\/2026\/01\/abdala.png?fit=730%2C838&ssl=1","jetpack_sharing_enabled":true,"_links":{"self":[{"href":"https:\/\/tarahumaras.praxis.pro.br\/index.php\/wp-json\/wp\/v2\/posts\/397","targetHints":{"allow":["GET"]}}],"collection":[{"href":"https:\/\/tarahumaras.praxis.pro.br\/index.php\/wp-json\/wp\/v2\/posts"}],"about":[{"href":"https:\/\/tarahumaras.praxis.pro.br\/index.php\/wp-json\/wp\/v2\/types\/post"}],"author":[{"embeddable":true,"href":"https:\/\/tarahumaras.praxis.pro.br\/index.php\/wp-json\/wp\/v2\/users\/1"}],"replies":[{"embeddable":true,"href":"https:\/\/tarahumaras.praxis.pro.br\/index.php\/wp-json\/wp\/v2\/comments?post=397"}],"version-history":[{"count":4,"href":"https:\/\/tarahumaras.praxis.pro.br\/index.php\/wp-json\/wp\/v2\/posts\/397\/revisions"}],"predecessor-version":[{"id":402,"href":"https:\/\/tarahumaras.praxis.pro.br\/index.php\/wp-json\/wp\/v2\/posts\/397\/revisions\/402"}],"wp:featuredmedia":[{"embeddable":true,"href":"https:\/\/tarahumaras.praxis.pro.br\/index.php\/wp-json\/wp\/v2\/media\/398"}],"wp:attachment":[{"href":"https:\/\/tarahumaras.praxis.pro.br\/index.php\/wp-json\/wp\/v2\/media?parent=397"}],"wp:term":[{"taxonomy":"category","embeddable":true,"href":"https:\/\/tarahumaras.praxis.pro.br\/index.php\/wp-json\/wp\/v2\/categories?post=397"},{"taxonomy":"post_tag","embeddable":true,"href":"https:\/\/tarahumaras.praxis.pro.br\/index.php\/wp-json\/wp\/v2\/tags?post=397"}],"curies":[{"name":"wp","href":"https:\/\/api.w.org\/{rel}","templated":true}]}}